{"id":1886,"date":"2016-03-10T12:46:40","date_gmt":"2016-03-10T11:46:40","guid":{"rendered":"http:\/\/sfg-biasca.ch\/vivid\/?p=1886"},"modified":"2016-03-30T19:41:01","modified_gmt":"2016-03-30T18:41:01","slug":"qualifica-coppa-ticino-2016","status":"publish","type":"post","link":"https:\/\/sfg-biasca.ch\/vivid\/?p=1886","title":{"rendered":"Qualifica Coppa Ticino 2016"},"content":{"rendered":"<p><strong>Losone <\/strong> &#8211; Si sono svolte lo scorso weekend del 5-6 marzo a Losone le qualifiche sopracenerine alla Coppa Ticino per le categorie inferiori di ginnastica attrezzistica. <\/p>\n<p><a href=\"https:\/\/sfg-biasca.ch\/vivid\/wp-content\/uploads\/2016\/03\/Losone1.jpg\" rel=\"attachment wp-att-1953\" data-rel=\"lightbox-image-0\" data-rl_title=\"\" data-rl_caption=\"\" title=\"\"><img loading=\"lazy\" decoding=\"async\" src=\"https:\/\/sfg-biasca.ch\/vivid\/wp-content\/uploads\/2016\/03\/Losone1.jpg\" alt=\"Losone1\" width=\"300\" height=\"168\" class=\"aligncenter size-medium wp-image-1953\" srcset=\"https:\/\/sfg-biasca.ch\/vivid\/wp-content\/uploads\/2016\/03\/Losone1.jpg 1599w, https:\/\/sfg-biasca.ch\/vivid\/wp-content\/uploads\/2016\/03\/Losone1-600x336.jpg 600w, https:\/\/sfg-biasca.ch\/vivid\/wp-content\/uploads\/2016\/03\/Losone1-300x168.jpg 300w, https:\/\/sfg-biasca.ch\/vivid\/wp-content\/uploads\/2016\/03\/Losone1-768x430.jpg 768w, https:\/\/sfg-biasca.ch\/vivid\/wp-content\/uploads\/2016\/03\/Losone1-1024x574.jpg 1024w\" sizes=\"auto, (max-width: 300px) 100vw, 300px\" \/><\/a><\/p>\n<p>Purtroppo a causa dell\u2019inaspettata forte nevicata di sabato alcune delle nostre ginnaste non sono riuscite a raggiungere la localit\u00e0 nel locarnese per il traffico fortemente rallentato. I presenti invece hanno ben figurato in questa prima competizione dell\u2019anno. Grande soddisfazione per tutti quelli che dovevano superare il test e ancora pi\u00f9 orgoglio per chi \u00e8 riuscito portarsi a casa una medaglia e per chi \u00e8 riuscito a ottenere il Pass per la finale di aprile.<\/p>\n<p><a href=\"https:\/\/sfg-biasca.ch\/vivid\/wp-content\/uploads\/2016\/03\/Losone2.jpg\" rel=\"attachment wp-att-1955\" data-rel=\"lightbox-image-1\" data-rl_title=\"\" data-rl_caption=\"\" title=\"\"><img loading=\"lazy\" decoding=\"async\" src=\"https:\/\/sfg-biasca.ch\/vivid\/wp-content\/uploads\/2016\/03\/Losone2.jpg\" alt=\"Losone2\" width=\"300\" height=\"168\" class=\"aligncenter size-medium wp-image-1955\" srcset=\"https:\/\/sfg-biasca.ch\/vivid\/wp-content\/uploads\/2016\/03\/Losone2.jpg 1599w, https:\/\/sfg-biasca.ch\/vivid\/wp-content\/uploads\/2016\/03\/Losone2-600x336.jpg 600w, https:\/\/sfg-biasca.ch\/vivid\/wp-content\/uploads\/2016\/03\/Losone2-300x168.jpg 300w, https:\/\/sfg-biasca.ch\/vivid\/wp-content\/uploads\/2016\/03\/Losone2-768x430.jpg 768w, https:\/\/sfg-biasca.ch\/vivid\/wp-content\/uploads\/2016\/03\/Losone2-1024x574.jpg 1024w\" sizes=\"auto, (max-width: 300px) 100vw, 300px\" \/><\/a><\/p>\n<p><a href=\"https:\/\/sfg-biasca.ch\/vivid\/wp-content\/uploads\/2016\/03\/Losone3.jpg\" rel=\"attachment wp-att-1956\" data-rel=\"lightbox-image-2\" data-rl_title=\"\" data-rl_caption=\"\" title=\"\"><img loading=\"lazy\" decoding=\"async\" src=\"https:\/\/sfg-biasca.ch\/vivid\/wp-content\/uploads\/2016\/03\/Losone3.jpg\" alt=\"Losone3\" width=\"300\" height=\"168\" class=\"aligncenter size-medium wp-image-1956\" srcset=\"https:\/\/sfg-biasca.ch\/vivid\/wp-content\/uploads\/2016\/03\/Losone3.jpg 1599w, https:\/\/sfg-biasca.ch\/vivid\/wp-content\/uploads\/2016\/03\/Losone3-600x336.jpg 600w, https:\/\/sfg-biasca.ch\/vivid\/wp-content\/uploads\/2016\/03\/Losone3-300x168.jpg 300w, https:\/\/sfg-biasca.ch\/vivid\/wp-content\/uploads\/2016\/03\/Losone3-768x430.jpg 768w, https:\/\/sfg-biasca.ch\/vivid\/wp-content\/uploads\/2016\/03\/Losone3-1024x574.jpg 1024w\" sizes=\"auto, (max-width: 300px) 100vw, 300px\" \/><\/a><\/p>\n<p>Per il femminile:<\/p>\n<p>Categoria 1B<br \/>\n<strong>&#8211;\t3\u00b0 Lila Arcioni<br \/>\n&#8211;\t9\u00b0 Aurora D\u2019Arcangelo<\/strong><\/p>\n<p>Categoria 1A<br \/>\n&#8211;\t14\u00b0 Suri Arcioni<br \/>\n&#8211;\t18\u00b0 Isabel Pfaender<br \/>\n&#8211;\t20\u00b0 Laura Calabretta<\/p>\n<p>Categoria 2B<br \/>\n&#8211;\t11\u00b0 Edmea Rossetti<br \/>\n&#8211;\t14\u00b0 Gaia Melera<br \/>\n&#8211;\t18\u00b0 Sanya Blotti<br \/>\n&#8211;\t21\u00b0 Alissa Cavargna<br \/>\n&#8211;\t24\u00b0 Sharyl Bernasconi<br \/>\n&#8211;\t26\u00b0 Sofia Darini<\/p>\n<p>Categoria 2A<br \/>\n&#8211;\t6\u00b0 Martina Olgiati<br \/>\n&#8211;\t16\u00b0 Ambra Rodoni<br \/>\n&#8211;\t20\u00b0 Deborah Arcuri<br \/>\n&#8211;\t23\u00b0 Alessia Villa<\/p>\n<p>Categoria 3B<br \/>\n<strong>&#8211;\t9\u00b0 Giorgia Pezzatti<\/strong><br \/>\n&#8211;\t12\u00b0 Asia Pellanda<br \/>\n&#8211;\t14\u00b0 Leila Falconi<br \/>\n&#8211;\t20\u00b0 Chiara Darini<br \/>\n&#8211;\t24\u00b0 Giorgia Romaneschi<br \/>\n&#8211;\t26\u00b0 Giada Rivera<br \/>\n&#8211;\t29\u00b0 Nila Falconi<br \/>\n&#8211;\t30\u00b0 Salom\u00e9 Benzonelli<br \/>\n&#8211;\t32\u00b0 Shaline Pfaender<\/p>\n<p>Categoria 3 A<br \/>\n&#8211;\t8\u00b0 Giulia Annunziata<\/p>\n<p>Categoria 4<br \/>\n<strong>&#8211;\t2\u00b0 Alice Franscini<br \/>\n&#8211;\t9\u00b0 Maria Pisaturo<\/strong><br \/>\n&#8211;\t19\u00b0 Lisa Sacchiero<br \/>\n&#8211;\t24\u00b0 Nicole Vanzetta<br \/>\n&#8211;\t34\u00b0 Martina Vanzetta<\/p>\n<p>Per il maschile:<\/p>\n<p>Categoria 1A<br \/>\n<strong>&#8211;\t1\u00b0 Joas Kneub\u00fchler<br \/>\n&#8211;\t4\u00b0 Simone Baston<\/strong><br \/>\n&#8211;\t11\u00b0 Carlo Wittwer<br \/>\n&#8211;\t12\u00b0 Rustem Beqiri<br \/>\n&#8211;\t13\u00b0 Jos\u00e9 Oberaigner<br \/>\n&#8211;\t14\u00b0 Samuele Bassetti<\/p>\n<p>Categoria 2B<br \/>\n<strong>&#8211;\t2\u00b0 Desio De Checchi<br \/>\n&#8211;\t4\u00b0 Elia Moro<\/strong><br \/>\n&#8211;\t6\u00b0 Patrizio Massera<\/p>\n<p>Categoria 2A<br \/>\n<strong>&#8211;\t3\u00b0 Massimo Cristina<\/strong><br \/>\n&#8211;\t8\u00b0 Luca Galbusera<br \/>\n&#8211;\t10\u00b0 Lino Righini<\/p>\n<p>Categoria 3B<br \/>\n<strong>&#8211;\t6\u00b0 Tristan Taddei<\/strong><br \/>\n&#8211;\t8\u00b0 Giona De Checchi<\/p>\n<p>Un weekend molto positivo per i giovani ginnasti biaschesi che rappresentano un ottimo potenziale per questo settore.<\/p>\n<p><a href=\"http:\/\/actg.ch\/images\/NEW_Qual._Coppa_Ticino_attrezzistica__Sopra_Ceneri_2016.xls\" target=\"_blank\">Classifica completa<\/a><\/p>\n","protected":false},"excerpt":{"rendered":"<p>Losone &#8211; Si sono svolte lo scorso weekend del 5-6 marzo a Losone le qualifiche sopracenerine alla Coppa Ticino per le categorie inferiori di ginnastica attrezzistica. Purtroppo a causa dell\u2019inaspettata forte nevicata di sabato alcune delle nostre ginnaste non sono riuscite a raggiungere la localit\u00e0 nel locarnese per il traffico fortemente rallentato. I presenti invece hanno ben figurato in questa prima competizione dell\u2019anno. Grande soddisfazione per tutti quelli che dovevano&#46;&#46;&#46;<\/p>\n","protected":false},"author":6,"featured_media":1955,"comment_status":"closed","ping_status":"closed","sticky":false,"template":"","format":"standard","meta":{"footnotes":""},"categories":[4,10],"tags":[],"class_list":["post-1886","post","type-post","status-publish","format-standard","has-post-thumbnail","hentry","category-attrezzistica","category-sfg-biasca"],"_links":{"self":[{"href":"https:\/\/sfg-biasca.ch\/vivid\/index.php?rest_route=\/wp\/v2\/posts\/1886","targetHints":{"allow":["GET"]}}],"collection":[{"href":"https:\/\/sfg-biasca.ch\/vivid\/index.php?rest_route=\/wp\/v2\/posts"}],"about":[{"href":"https:\/\/sfg-biasca.ch\/vivid\/index.php?rest_route=\/wp\/v2\/types\/post"}],"author":[{"embeddable":true,"href":"https:\/\/sfg-biasca.ch\/vivid\/index.php?rest_route=\/wp\/v2\/users\/6"}],"replies":[{"embeddable":true,"href":"https:\/\/sfg-biasca.ch\/vivid\/index.php?rest_route=%2Fwp%2Fv2%2Fcomments&post=1886"}],"version-history":[{"count":11,"href":"https:\/\/sfg-biasca.ch\/vivid\/index.php?rest_route=\/wp\/v2\/posts\/1886\/revisions"}],"predecessor-version":[{"id":1960,"href":"https:\/\/sfg-biasca.ch\/vivid\/index.php?rest_route=\/wp\/v2\/posts\/1886\/revisions\/1960"}],"wp:featuredmedia":[{"embeddable":true,"href":"https:\/\/sfg-biasca.ch\/vivid\/index.php?rest_route=\/wp\/v2\/media\/1955"}],"wp:attachment":[{"href":"https:\/\/sfg-biasca.ch\/vivid\/index.php?rest_route=%2Fwp%2Fv2%2Fmedia&parent=1886"}],"wp:term":[{"taxonomy":"category","embeddable":true,"href":"https:\/\/sfg-biasca.ch\/vivid\/index.php?rest_route=%2Fwp%2Fv2%2Fcategories&post=1886"},{"taxonomy":"post_tag","embeddable":true,"href":"https:\/\/sfg-biasca.ch\/vivid\/index.php?rest_route=%2Fwp%2Fv2%2Ftags&post=1886"}],"curies":[{"name":"wp","href":"https:\/\/api.w.org\/{rel}","templated":true}]}}