{"id":8614,"date":"2023-09-06T20:03:20","date_gmt":"2023-09-06T19:03:20","guid":{"rendered":"https:\/\/sfg-biasca.ch\/vivid\/?p=8614"},"modified":"2023-09-06T20:03:20","modified_gmt":"2023-09-06T19:03:20","slug":"la-sfg-biasca-alla-gymnaestrada-di-amsterdam","status":"publish","type":"post","link":"https:\/\/sfg-biasca.ch\/vivid\/?p=8614","title":{"rendered":"La SFG Biasca alla Gymnaestrada di Amsterdam"},"content":{"rendered":"<p>Quest\u2019anno si \u00e8 svolta la 17esima edizione della gymnaestrada ad Amsterdam. Si tratta della pi\u00f9 grande manifestazione sportiva mondiale non competitiva dove ogni nazione ha la possibilit\u00e0 di mostrare le proprie doti\/specialit\u00e0 ginniche.<br \/>\nA questa manifestazione internazionale la SFG biasca si \u00e8 presentata (con 20 membri), assieme ad altre societ\u00e0 ticinesi, come Gruppo Ticino.<br \/>\nIl gruppo dei giovani ha partecipato alla serata svizzera, dimostrandosi all\u2019altezza dello spettacolo. Mentre il gruppo attivi, si \u00e8 guadagnato la standing ovation per ben 3 volte grazie al suo \u201cPeter Pan\u201d.<br \/>\nSicuramente un\u2019esperienza indimenticabile sia per gli attivi sia per gli alunni, in entrambi i settori, quello gymnastique e quello attrezzistica.<br \/>\nDivertimento, sorrisi, emozioni e spettacolo sono state le parole chiave di questa settimana.<br \/>\nUn grande grazie a tutti i monitori, e in particolar modo a Deborah Pedimina e Leila Fiscalini Smit, che hanno saputo condurre il gruppo in questa magnifica esperienza.<\/p>\n<p><a href=\"https:\/\/sfg-biasca.ch\/vivid\/wp-content\/uploads\/2023\/09\/b6cf83ba-05ae-4980-8afd-3d8beafe1a8a.jpeg\" data-rel=\"lightbox-image-0\" data-rl_title=\"\" data-rl_caption=\"\" title=\"\"><img loading=\"lazy\" decoding=\"async\" src=\"https:\/\/sfg-biasca.ch\/vivid\/wp-content\/uploads\/2023\/09\/b6cf83ba-05ae-4980-8afd-3d8beafe1a8a.jpeg\" alt=\"\" width=\"1024\" height=\"768\" class=\"aligncenter size-full wp-image-8615\" srcset=\"https:\/\/sfg-biasca.ch\/vivid\/wp-content\/uploads\/2023\/09\/b6cf83ba-05ae-4980-8afd-3d8beafe1a8a.jpeg 1024w, https:\/\/sfg-biasca.ch\/vivid\/wp-content\/uploads\/2023\/09\/b6cf83ba-05ae-4980-8afd-3d8beafe1a8a-300x225.jpeg 300w, https:\/\/sfg-biasca.ch\/vivid\/wp-content\/uploads\/2023\/09\/b6cf83ba-05ae-4980-8afd-3d8beafe1a8a-768x576.jpeg 768w, https:\/\/sfg-biasca.ch\/vivid\/wp-content\/uploads\/2023\/09\/b6cf83ba-05ae-4980-8afd-3d8beafe1a8a-720x540.jpeg 720w, https:\/\/sfg-biasca.ch\/vivid\/wp-content\/uploads\/2023\/09\/b6cf83ba-05ae-4980-8afd-3d8beafe1a8a-520x390.jpeg 520w, https:\/\/sfg-biasca.ch\/vivid\/wp-content\/uploads\/2023\/09\/b6cf83ba-05ae-4980-8afd-3d8beafe1a8a-320x240.jpeg 320w\" sizes=\"auto, (max-width: 1024px) 100vw, 1024px\" \/><\/a><\/p>\n","protected":false},"excerpt":{"rendered":"<p>Quest\u2019anno si \u00e8 svolta la 17esima edizione della gymnaestrada ad Amsterdam. Si tratta della pi\u00f9 grande manifestazione sportiva mondiale non competitiva dove ogni nazione ha la possibilit\u00e0 di mostrare le proprie doti\/specialit\u00e0 ginniche. A questa manifestazione internazionale la SFG biasca si \u00e8 presentata (con 20 membri), assieme ad altre societ\u00e0 ticinesi, come Gruppo Ticino. Il gruppo dei giovani ha partecipato alla serata svizzera, dimostrandosi all\u2019altezza dello spettacolo. Mentre il gruppo&#46;&#46;&#46;<\/p>\n","protected":false},"author":10,"featured_media":8615,"comment_status":"closed","ping_status":"closed","sticky":false,"template":"","format":"standard","meta":{"footnotes":""},"categories":[10],"tags":[],"class_list":["post-8614","post","type-post","status-publish","format-standard","has-post-thumbnail","hentry","category-sfg-biasca"],"_links":{"self":[{"href":"https:\/\/sfg-biasca.ch\/vivid\/index.php?rest_route=\/wp\/v2\/posts\/8614","targetHints":{"allow":["GET"]}}],"collection":[{"href":"https:\/\/sfg-biasca.ch\/vivid\/index.php?rest_route=\/wp\/v2\/posts"}],"about":[{"href":"https:\/\/sfg-biasca.ch\/vivid\/index.php?rest_route=\/wp\/v2\/types\/post"}],"author":[{"embeddable":true,"href":"https:\/\/sfg-biasca.ch\/vivid\/index.php?rest_route=\/wp\/v2\/users\/10"}],"replies":[{"embeddable":true,"href":"https:\/\/sfg-biasca.ch\/vivid\/index.php?rest_route=%2Fwp%2Fv2%2Fcomments&post=8614"}],"version-history":[{"count":1,"href":"https:\/\/sfg-biasca.ch\/vivid\/index.php?rest_route=\/wp\/v2\/posts\/8614\/revisions"}],"predecessor-version":[{"id":8616,"href":"https:\/\/sfg-biasca.ch\/vivid\/index.php?rest_route=\/wp\/v2\/posts\/8614\/revisions\/8616"}],"wp:featuredmedia":[{"embeddable":true,"href":"https:\/\/sfg-biasca.ch\/vivid\/index.php?rest_route=\/wp\/v2\/media\/8615"}],"wp:attachment":[{"href":"https:\/\/sfg-biasca.ch\/vivid\/index.php?rest_route=%2Fwp%2Fv2%2Fmedia&parent=8614"}],"wp:term":[{"taxonomy":"category","embeddable":true,"href":"https:\/\/sfg-biasca.ch\/vivid\/index.php?rest_route=%2Fwp%2Fv2%2Fcategories&post=8614"},{"taxonomy":"post_tag","embeddable":true,"href":"https:\/\/sfg-biasca.ch\/vivid\/index.php?rest_route=%2Fwp%2Fv2%2Ftags&post=8614"}],"curies":[{"name":"wp","href":"https:\/\/api.w.org\/{rel}","templated":true}]}}