{"id":8636,"date":"2023-10-25T13:45:35","date_gmt":"2023-10-25T12:45:35","guid":{"rendered":"https:\/\/sfg-biasca.ch\/vivid\/?p=8636"},"modified":"2023-10-25T13:47:05","modified_gmt":"2023-10-25T12:47:05","slug":"campionati-svizzeri-gymnastique-team","status":"publish","type":"post","link":"https:\/\/sfg-biasca.ch\/vivid\/?p=8636","title":{"rendered":"Campionati Svizzeri Gymnastique Team"},"content":{"rendered":"<p>Sabato 23 settembre 2023 si sono svolti i campionati svizzeri di gymnastiqueindividuale\/coppie\/team e la nostra squadra ci ha ancora fatto emozionare!<\/p>\n<p>Nel maggio 2023 il nostro team composto da Vanessa, Christine, Enya e Giuditta aveva conquistato la qualifica per questa competizione con il miglior punteggio ticinese nella loro categoria e, finalmente, dopo un lungo mese ricco di allenamenti, il giorno tanto atteso \u00e8 arrivato.<\/p>\n<p>Il gruppo biaschese ha lasciato il Ticino venerd\u00ec sera, determinato a portare a casa un buon risultato. La mattina seguente l\u2019agitazione era forte, ma ancor pi\u00f9 lo era la voglia di dimostrare ci\u00f2 che le nostre ragazze sapevano fare.<\/p>\n<p>Verso le 12 Vanessa, Christine, Enya e Giuditta sono scese in campo mostrando al pubblico e ai giurati il loro esercizio. Purtroppo, vista la tanta emozione, le quattro ginnaste si sono lasciate sfuggire qualche errorino di troppo, ma nonostante questo hanno svolto un gran buon esercizio.<\/p>\n<p>Bisognava per\u00f2 pazientare ancora qualche ora per scoprire i risultati, nella quale il gruppo e i genitori (sempre presenti a sostenerci e fare il tifo in giro per la svizzera) si sono potuti distrarre guardando le bellissime produzioni delle altre squadre svizzere.<\/p>\n<p>Finalmente, dopo un pomeriggio che sembrava non terminare pi\u00f9, il momento tanto atteso \u00e8 arrivato, portando con s\u00e9 incredibili sorprese! Infatti, al momento della premiazione, Vanessa, Christine, Enya e Giuditta sono salite sul secondo gradino del podio, portando a casa il titolo di VICECAMPIONESSE SVIZZERE!! Tanti sorrisi e tante lacrime sono apparsi sui volti delle monitrici, dei genitori e delle ginnaste, che non si aspettavano un risultato cos\u00ec emozionante!<\/p>\n<p>Un GRAZIE speciale da parte di tutte noi va ai nostri genitori e a tutte le monitrici, in particolar modo ad Anna, senza la quale tutto questo non sarebbe stato possibile. Siamo infinitamente grate e orgogliose di avere te al nostro fianco che ci sostieni sempre!<\/p>\n<p>Un bellissimo ricordo, dunque, che si aggiunge agli altri e che, sicuramente, sar\u00e0 seguito da tantissimi altri che non vediamo l\u2019ora di scoprire.<\/p>\n<p>&nbsp;<\/p>\n<p>Christine<\/p>\n<p><img loading=\"lazy\" decoding=\"async\" class=\"aligncenter size-medium wp-image-8637\" src=\"https:\/\/sfg-biasca.ch\/vivid\/wp-content\/uploads\/2023\/10\/CSteam2023_1-300x139.jpeg\" alt=\"\" width=\"300\" height=\"139\" srcset=\"https:\/\/sfg-biasca.ch\/vivid\/wp-content\/uploads\/2023\/10\/CSteam2023_1-300x139.jpeg 300w, https:\/\/sfg-biasca.ch\/vivid\/wp-content\/uploads\/2023\/10\/CSteam2023_1-1024x473.jpeg 1024w, https:\/\/sfg-biasca.ch\/vivid\/wp-content\/uploads\/2023\/10\/CSteam2023_1-768x355.jpeg 768w, https:\/\/sfg-biasca.ch\/vivid\/wp-content\/uploads\/2023\/10\/CSteam2023_1-1536x710.jpeg 1536w, https:\/\/sfg-biasca.ch\/vivid\/wp-content\/uploads\/2023\/10\/CSteam2023_1-980x450.jpeg 980w, https:\/\/sfg-biasca.ch\/vivid\/wp-content\/uploads\/2023\/10\/CSteam2023_1-720x333.jpeg 720w, https:\/\/sfg-biasca.ch\/vivid\/wp-content\/uploads\/2023\/10\/CSteam2023_1-520x240.jpeg 520w, https:\/\/sfg-biasca.ch\/vivid\/wp-content\/uploads\/2023\/10\/CSteam2023_1-320x148.jpeg 320w, https:\/\/sfg-biasca.ch\/vivid\/wp-content\/uploads\/2023\/10\/CSteam2023_1.jpeg 2048w\" sizes=\"auto, (max-width: 300px) 100vw, 300px\" \/> <img loading=\"lazy\" decoding=\"async\" class=\"aligncenter size-medium wp-image-8638\" src=\"https:\/\/sfg-biasca.ch\/vivid\/wp-content\/uploads\/2023\/10\/CSteam2023_2-225x300.jpeg\" alt=\"\" width=\"225\" height=\"300\" \/> <img loading=\"lazy\" decoding=\"async\" class=\"aligncenter size-medium wp-image-8639\" src=\"https:\/\/sfg-biasca.ch\/vivid\/wp-content\/uploads\/2023\/10\/CSteam2023_3-239x300.jpeg\" alt=\"\" width=\"239\" height=\"300\" srcset=\"https:\/\/sfg-biasca.ch\/vivid\/wp-content\/uploads\/2023\/10\/CSteam2023_3-239x300.jpeg 239w, https:\/\/sfg-biasca.ch\/vivid\/wp-content\/uploads\/2023\/10\/CSteam2023_3-817x1024.jpeg 817w, https:\/\/sfg-biasca.ch\/vivid\/wp-content\/uploads\/2023\/10\/CSteam2023_3-768x963.jpeg 768w, https:\/\/sfg-biasca.ch\/vivid\/wp-content\/uploads\/2023\/10\/CSteam2023_3-720x903.jpeg 720w, https:\/\/sfg-biasca.ch\/vivid\/wp-content\/uploads\/2023\/10\/CSteam2023_3-520x652.jpeg 520w, https:\/\/sfg-biasca.ch\/vivid\/wp-content\/uploads\/2023\/10\/CSteam2023_3-320x401.jpeg 320w, https:\/\/sfg-biasca.ch\/vivid\/wp-content\/uploads\/2023\/10\/CSteam2023_3.jpeg 1076w\" sizes=\"auto, (max-width: 239px) 100vw, 239px\" \/><\/p>\n","protected":false},"excerpt":{"rendered":"<p>Sabato 23 settembre 2023 si sono svolti i campionati svizzeri di gymnastiqueindividuale\/coppie\/team e la nostra squadra ci ha ancora fatto emozionare! Nel maggio 2023 il nostro team composto da Vanessa, Christine, Enya e Giuditta aveva conquistato la qualifica per questa competizione con il miglior punteggio ticinese nella loro categoria e, finalmente, dopo un lungo mese ricco di allenamenti, il giorno tanto atteso \u00e8 arrivato. Il gruppo biaschese ha lasciato il&#46;&#46;&#46;<\/p>\n","protected":false},"author":7,"featured_media":8638,"comment_status":"closed","ping_status":"closed","sticky":false,"template":"","format":"standard","meta":{"footnotes":""},"categories":[10],"tags":[],"class_list":["post-8636","post","type-post","status-publish","format-standard","has-post-thumbnail","hentry","category-sfg-biasca"],"_links":{"self":[{"href":"https:\/\/sfg-biasca.ch\/vivid\/index.php?rest_route=\/wp\/v2\/posts\/8636","targetHints":{"allow":["GET"]}}],"collection":[{"href":"https:\/\/sfg-biasca.ch\/vivid\/index.php?rest_route=\/wp\/v2\/posts"}],"about":[{"href":"https:\/\/sfg-biasca.ch\/vivid\/index.php?rest_route=\/wp\/v2\/types\/post"}],"author":[{"embeddable":true,"href":"https:\/\/sfg-biasca.ch\/vivid\/index.php?rest_route=\/wp\/v2\/users\/7"}],"replies":[{"embeddable":true,"href":"https:\/\/sfg-biasca.ch\/vivid\/index.php?rest_route=%2Fwp%2Fv2%2Fcomments&post=8636"}],"version-history":[{"count":1,"href":"https:\/\/sfg-biasca.ch\/vivid\/index.php?rest_route=\/wp\/v2\/posts\/8636\/revisions"}],"predecessor-version":[{"id":8640,"href":"https:\/\/sfg-biasca.ch\/vivid\/index.php?rest_route=\/wp\/v2\/posts\/8636\/revisions\/8640"}],"wp:featuredmedia":[{"embeddable":true,"href":"https:\/\/sfg-biasca.ch\/vivid\/index.php?rest_route=\/wp\/v2\/media\/8638"}],"wp:attachment":[{"href":"https:\/\/sfg-biasca.ch\/vivid\/index.php?rest_route=%2Fwp%2Fv2%2Fmedia&parent=8636"}],"wp:term":[{"taxonomy":"category","embeddable":true,"href":"https:\/\/sfg-biasca.ch\/vivid\/index.php?rest_route=%2Fwp%2Fv2%2Fcategories&post=8636"},{"taxonomy":"post_tag","embeddable":true,"href":"https:\/\/sfg-biasca.ch\/vivid\/index.php?rest_route=%2Fwp%2Fv2%2Ftags&post=8636"}],"curies":[{"name":"wp","href":"https:\/\/api.w.org\/{rel}","templated":true}]}}